{"id":4939,"date":"2023-05-05T15:51:45","date_gmt":"2023-05-05T12:51:45","guid":{"rendered":"https:\/\/www.erbend.com\/?p=4939"},"modified":"2023-05-05T15:51:49","modified_gmt":"2023-05-05T12:51:49","slug":"erbend-makine-arsiyad-20-yil-turkiye-bulusmasinda","status":"publish","type":"post","link":"https:\/\/www.erbend.com\/tr\/erbend-makine-arsiyad-20-yil-turkiye-bulusmasinda\/","title":{"rendered":"ERBEND Makine, ARS\u0130YAD 20. Y\u0131l T\u00fcrkiye Bulu\u015fmas\u0131\u2019nda\u2026"},"content":{"rendered":"\n<p style=\"padding-bottom:35px\">T\u00fcrkiye\u2019nin ilk ve tek caka b\u00fckme makineleri \u00fcreticisi ERBEND Makine, ilk yerel S\u0130AD olma \u00fcnvan\u0131 ta\u015f\u0131yan ARS\u0130YAD \u2013 Artvinli Sanayici ve \u0130\u015f \u0130nsanlar\u0131 Derne\u011fi\u2019nin 20. Y\u0131l T\u00fcrkiye Bulu\u015fmas\u0131 \u00d6d\u00fcl T\u00f6reni\u2019ne sponsorlar\u0131 aras\u0131nda yer ald\u0131.<\/p>\n\n\n\n<p><\/p>\n\n\n\n<figure class=\"wp-block-image size-full\"><img fetchpriority=\"high\" decoding=\"async\" width=\"806\" height=\"532\" src=\"https:\/\/www.erbend.com\/wp-content\/uploads\/02.jpg\" alt=\"T\u00fcrkiye\u2019nin ilk ve tek caka b\u00fckme makineleri \u00fcreticisi ERBEND Makine, ilk yerel S\u0130AD olma \u00fcnvan\u0131 ta\u015f\u0131yan ARS\u0130YAD \u2013 Artvinli Sanayici ve \u0130\u015f \u0130nsanlar\u0131 Derne\u011fi\u2019nin 20. Y\u0131l T\u00fcrkiye Bulu\u015fmas\u0131 \u00d6d\u00fcl T\u00f6reni\u2019ne sponsorlar\u0131 aras\u0131nda yer ald\u0131.\" class=\"wp-image-4943\" srcset=\"https:\/\/www.erbend.com\/wp-content\/uploads\/02.jpg 806w, https:\/\/www.erbend.com\/wp-content\/uploads\/02-300x198.jpg 300w, https:\/\/www.erbend.com\/wp-content\/uploads\/02-150x99.jpg 150w, https:\/\/www.erbend.com\/wp-content\/uploads\/02-768x507.jpg 768w\" sizes=\"(max-width: 806px) 100vw, 806px\" \/><\/figure>\n\n\n\n<p style=\"padding-bottom:35px\">Bursa i\u015f d\u00fcnyas\u0131 yan\u0131nda alan\u0131nda \u00f6nc\u00fc ulusal \u015firket y\u00f6netimlerinin kat\u0131l\u0131m\u0131yla ger\u00e7ekle\u015fen gecede ARS\u0130YAD taraf\u0131ndan, ERBEND Makine Y\u00f6netim Kurulu Ba\u015fkan\u0131 Orhan Er\u2019e katk\u0131lar\u0131ndan dolay\u0131 te\u015fekk\u00fcr edildi.<\/p>\n\n\n\n<p><\/p>\n\n\n\n<div class=\"wp-block-columns is-layout-flex wp-container-core-columns-is-layout-28f84493 wp-block-columns-is-layout-flex\">\n<div class=\"wp-block-column is-layout-flow wp-block-column-is-layout-flow\" style=\"flex-basis:100%\">\n<div class=\"wp-block-columns is-layout-flex wp-container-core-columns-is-layout-28f84493 wp-block-columns-is-layout-flex\">\n<div class=\"wp-block-column is-layout-flow wp-block-column-is-layout-flow\" style=\"flex-basis:100%\">\n<div class=\"wp-block-group is-layout-constrained wp-block-group-is-layout-constrained\">\n<div class=\"wp-block-columns is-layout-flex wp-container-core-columns-is-layout-28f84493 wp-block-columns-is-layout-flex\">\n<div class=\"wp-block-column is-layout-flow wp-block-column-is-layout-flow\">\n<figure class=\"wp-block-image size-full\"><img decoding=\"async\" width=\"424\" height=\"532\" src=\"https:\/\/www.erbend.com\/wp-content\/uploads\/04.jpg\" alt=\"ERBEND Makine, ARS\u0130YAD 20. Y\u0131l T\u00fcrkiye Bulu\u015fmas\u0131\u2019nda\" class=\"wp-image-4956\" srcset=\"https:\/\/www.erbend.com\/wp-content\/uploads\/04.jpg 424w, https:\/\/www.erbend.com\/wp-content\/uploads\/04-239x300.jpg 239w, https:\/\/www.erbend.com\/wp-content\/uploads\/04-120x150.jpg 120w\" sizes=\"(max-width: 424px) 100vw, 424px\" \/><\/figure>\n<\/div>\n\n\n\n<div class=\"wp-block-column is-layout-flow wp-block-column-is-layout-flow\">\n<p>Gecede davetlilere hitap eden Erbend Y\u00f6netim Kurlu Ba\u015fkan\u0131 Orhan Er, organizasyonun ana sponsorluklar\u0131ndan birini \u00fcstlenmekten mutluluk duyduklar\u0131n\u0131 payla\u015farak \u201c 30\u2019u a\u015fk\u0131n \u00fclkeye olan ihracat\u0131m\u0131z\u0131, teknoloji ve Ar-Ge\u2019ye ger\u00e7ekle\u015ftirdi\u011fimiz yat\u0131r\u0131mlar\u0131 daha da artt\u0131rmak i\u00e7in \u00e7al\u0131\u015f\u0131yoruz. \u00dclkemizin makine ihracat\u00e7\u0131s\u0131 \u015firketlerinden biri olarak makine imalat sanayinin geli\u015fimine katk\u0131 koymaya devam edece\u011fiz\u201d dedi. <\/p>\n\n\n\n<p>Bursa protokol\u00fcn\u00fcn de b\u00fcy\u00fck ilgi g\u00f6sterdi\u011fi gece Artvinli sanat\u00e7\u0131lar\u0131n sahne almas\u0131yla son buldu.<\/p>\n<\/div>\n<\/div>\n<\/div>\n<\/div>\n<\/div>\n<\/div>\n<\/div>\n\n\n\n<p><\/p>\n","protected":false},"excerpt":{"rendered":"<p>T\u00fcrkiye\u2019nin ilk ve tek caka b\u00fckme makineleri \u00fcreticisi ERBEND Makine, ilk yerel S\u0130AD olma \u00fcnvan\u0131 ta\u015f\u0131yan ARS\u0130YAD \u2013 Artvinli Sanayici ve \u0130\u015f \u0130nsanlar\u0131 Derne\u011fi\u2019nin 20. Y\u0131l T\u00fcrkiye Bulu\u015fmas\u0131 \u00d6d\u00fcl T\u00f6reni\u2019ne sponsorlar\u0131 aras\u0131nda yer ald\u0131. Bursa i\u015f d\u00fcnyas\u0131 yan\u0131nda alan\u0131nda \u00f6nc\u00fc ulusal \u015firket y\u00f6netimlerinin kat\u0131l\u0131m\u0131yla ger\u00e7ekle\u015fen gecede ARS\u0130YAD taraf\u0131ndan, ERBEND Makine Y\u00f6netim Kurulu Ba\u015fkan\u0131 Orhan Er\u2019e [&hellip;]<\/p>\n","protected":false},"author":2,"featured_media":4940,"comment_status":"closed","ping_status":"closed","sticky":false,"template":"","format":"standard","meta":{"footnotes":""},"categories":[19],"tags":[],"class_list":["post-4939","post","type-post","status-publish","format-standard","has-post-thumbnail","hentry","category-fairs-events"],"_links":{"self":[{"href":"https:\/\/www.erbend.com\/tr\/wp-json\/wp\/v2\/posts\/4939","targetHints":{"allow":["GET"]}}],"collection":[{"href":"https:\/\/www.erbend.com\/tr\/wp-json\/wp\/v2\/posts"}],"about":[{"href":"https:\/\/www.erbend.com\/tr\/wp-json\/wp\/v2\/types\/post"}],"author":[{"embeddable":true,"href":"https:\/\/www.erbend.com\/tr\/wp-json\/wp\/v2\/users\/2"}],"replies":[{"embeddable":true,"href":"https:\/\/www.erbend.com\/tr\/wp-json\/wp\/v2\/comments?post=4939"}],"version-history":[{"count":19,"href":"https:\/\/www.erbend.com\/tr\/wp-json\/wp\/v2\/posts\/4939\/revisions"}],"predecessor-version":[{"id":5799,"href":"https:\/\/www.erbend.com\/tr\/wp-json\/wp\/v2\/posts\/4939\/revisions\/5799"}],"wp:featuredmedia":[{"embeddable":true,"href":"https:\/\/www.erbend.com\/tr\/wp-json\/wp\/v2\/media\/4940"}],"wp:attachment":[{"href":"https:\/\/www.erbend.com\/tr\/wp-json\/wp\/v2\/media?parent=4939"}],"wp:term":[{"taxonomy":"category","embeddable":true,"href":"https:\/\/www.erbend.com\/tr\/wp-json\/wp\/v2\/categories?post=4939"},{"taxonomy":"post_tag","embeddable":true,"href":"https:\/\/www.erbend.com\/tr\/wp-json\/wp\/v2\/tags?post=4939"}],"curies":[{"name":"wp","href":"https:\/\/api.w.org\/{rel}","templated":true}]}}